{"id":6668,"date":"2026-09-01T05:55:53","date_gmt":"2026-09-01T09:55:53","guid":{"rendered":"https:\/\/mosehomeinspection.com\/?p=6668"},"modified":"2026-09-01T05:55:53","modified_gmt":"2026-09-01T09:55:53","slug":"labour-day-weekend-montreal-2026","status":"publish","type":"post","link":"https:\/\/mosehomeinspection.com\/fr\/labour-day-weekend-montreal-2026\/","title":{"rendered":"F\u00eate du travail 2026 Un guide du Grand Montr\u00e9al, r\u00e9gion par r\u00e9gion"},"content":{"rendered":"<p><div class=\"fusion-fullwidth fullwidth-box fusion-builder-row-1 fusion-flex-container has-pattern-background has-mask-background nonhundred-percent-fullwidth non-hundred-percent-height-scrolling\" style=\"--awb-border-radius-top-left:0px;--awb-border-radius-top-right:0px;--awb-border-radius-bottom-right:0px;--awb-border-radius-bottom-left:0px;--awb-padding-right:0px;--awb-padding-left:0px;--awb-flex-wrap:wrap;\" ><div class=\"fusion-builder-row fusion-row fusion-flex-align-items-flex-start fusion-flex-content-wrap\" style=\"max-width:83.2vw;margin-left: calc(-4% \/ 2 );margin-right: calc(-4% \/ 2 );\"><div class=\"fusion-layout-column fusion_builder_column fusion-builder-column-0 fusion_builder_column_1_1 1_1 fusion-flex-column\" style=\"--awb-row-gap:32px;--awb-bg-size:cover;--awb-width-large:100%;--awb-margin-top-large:0px;--awb-spacing-right-large:1.92%;--awb-margin-bottom-large:0px;--awb-spacing-left-large:1.92%;--awb-width-medium:100%;--awb-order-medium:0;--awb-spacing-right-medium:1.92%;--awb-spacing-left-medium:1.92%;--awb-width-small:100%;--awb-order-small:0;--awb-spacing-right-small:1.92%;--awb-spacing-left-small:1.92%;\"><div class=\"fusion-column-wrapper fusion-column-has-shadow fusion-flex-justify-content-flex-start fusion-content-layout-column\"><div class=\"fusion-title title fusion-title-1 fusion-sep-none fusion-title-text fusion-title-size-two\" style=\"--awb-margin-bottom:0px;--awb-margin-top-small:10px;--awb-margin-right-small:0px;--awb-margin-bottom-small:10px;--awb-margin-left-small:0px;\"><h2 class=\"fusion-title-heading title-heading-left fusion-responsive-typography-calculated\" style=\"margin:0;--fontSize:37.96875;line-height:var(--awb-typography1-line-height);\">Laval : nature et esprit communautaire<\/h2><\/div><div class=\"fusion-title title fusion-title-2 fusion-sep-none fusion-title-text fusion-title-size-three\" style=\"--awb-margin-bottom:0px;--awb-margin-top-small:10px;--awb-margin-right-small:0px;--awb-margin-bottom-small:10px;--awb-margin-left-small:0px;\"><h3 class=\"fusion-title-heading title-heading-left fusion-responsive-typography-calculated\" style=\"margin:0;--fontSize:29.53125;--minFontSize:29.53125;line-height:var(--awb-typography1-line-height);\">Centre de la nature<\/h3><\/div><div class=\"fusion-text fusion-text-1 fusion-text-no-margin\" style=\"--awb-font-size:var(--awb-custom_typography_2-font-size);--awb-line-height:var(--awb-custom_typography_2-line-height);--awb-letter-spacing:var(--awb-custom_typography_2-letter-spacing);--awb-text-transform:var(--awb-custom_typography_2-text-transform);--awb-margin-bottom:0px;--awb-text-font-family:var(--awb-custom_typography_2-font-family);--awb-text-font-weight:var(--awb-custom_typography_2-font-weight);--awb-text-font-style:var(--awb-custom_typography_2-font-style);\"><p>Le <a href=\"https:\/\/www.laval.ca\/sports-loisirs\/centre-nature\/\" target=\"_blank\" rel=\"noopener\"><b>Centre de la nature<\/b><\/a> de Laval est un parc urbain de 50 hectares situ\u00e9 au 901, avenue du Parc. On y trouve une petite ferme, une serre tropicale, des sentiers de marche et de magnifiques jardins. C&rsquo;est une sortie familiale abordable, et assez ombrag\u00e9e pour rester confortable m\u00eame si le mercure grimpe.<\/p>\n<\/div><div class=\"fusion-title title fusion-title-3 fusion-sep-none fusion-title-text fusion-title-size-three\" style=\"--awb-margin-bottom:0px;--awb-margin-top-small:10px;--awb-margin-right-small:0px;--awb-margin-bottom-small:10px;--awb-margin-left-small:0px;\"><h3 class=\"fusion-title-heading title-heading-left fusion-responsive-typography-calculated\" style=\"margin:0;--fontSize:29.53125;--minFontSize:29.53125;line-height:var(--awb-typography1-line-height);\">19e Marchethon annuel Hope &amp; Cope<\/h3><\/div><div class=\"fusion-text fusion-text-2\" style=\"--awb-font-size:var(--awb-custom_typography_2-font-size);--awb-line-height:var(--awb-custom_typography_2-line-height);--awb-letter-spacing:var(--awb-custom_typography_2-letter-spacing);--awb-text-transform:var(--awb-custom_typography_2-text-transform);--awb-text-font-family:var(--awb-custom_typography_2-font-family);--awb-text-font-weight:var(--awb-custom_typography_2-font-weight);--awb-text-font-style:var(--awb-custom_typography_2-font-style);\"><p>Le <b>dimanche 6 septembre, de 10&nbsp;h \u00e0 13&nbsp;h<\/b>, le parc Saint-Maxime accueille le <a href=\"https:\/\/hopeandcope.ca\/events\/19th-annual-walk-a-thon-19e-marcheton\/\" target=\"_blank\" rel=\"noopener\"><b>19e Marchethon annuel<\/b><\/a>, une marche familiale et communautaire (environ 7 km, ou la distance qui vous convient) au profit des programmes d&rsquo;exercice et de r\u00e9adaptation de Hope &amp; Cope pour les personnes touch\u00e9es par le cancer. L&rsquo;\u00e9v\u00e9nement se termine par un barbecue familial et la remise de prix, une belle fa\u00e7on de passer l&rsquo;avant-midi dehors pour une bonne cause.<\/p>\n<\/div><div class=\"fusion-separator fusion-full-width-sep\" style=\"align-self: center;margin-left: auto;margin-right: auto;width:100%;\"><div class=\"fusion-separator-border sep-single sep-solid\" style=\"--awb-height:20px;--awb-amount:20px;border-color:var(--awb-color3);border-top-width:1px;\"><\/div><\/div><\/div><\/div><\/div><\/div><div class=\"fusion-fullwidth fullwidth-box fusion-builder-row-2 fusion-flex-container has-pattern-background has-mask-background nonhundred-percent-fullwidth non-hundred-percent-height-scrolling\" style=\"--awb-border-radius-top-left:0px;--awb-border-radius-top-right:0px;--awb-border-radius-bottom-right:0px;--awb-border-radius-bottom-left:0px;--awb-padding-right:0px;--awb-padding-left:0px;--awb-flex-wrap:wrap;\" ><div class=\"fusion-builder-row fusion-row fusion-flex-align-items-flex-start fusion-flex-content-wrap\" style=\"max-width:83.2vw;margin-left: calc(-4% \/ 2 );margin-right: calc(-4% \/ 2 );\"><div class=\"fusion-layout-column fusion_builder_column fusion-builder-column-1 fusion_builder_column_1_1 1_1 fusion-flex-column\" style=\"--awb-row-gap:32px;--awb-bg-size:cover;--awb-width-large:100%;--awb-margin-top-large:32px;--awb-spacing-right-large:1.92%;--awb-margin-bottom-large:0px;--awb-spacing-left-large:1.92%;--awb-width-medium:100%;--awb-order-medium:0;--awb-spacing-right-medium:1.92%;--awb-spacing-left-medium:1.92%;--awb-width-small:100%;--awb-order-small:0;--awb-spacing-right-small:1.92%;--awb-spacing-left-small:1.92%;\" data-scroll-devices=\"small-visibility,medium-visibility,large-visibility\"><div class=\"fusion-column-wrapper fusion-column-has-shadow fusion-flex-justify-content-flex-start fusion-content-layout-column\"><div class=\"fusion-title title fusion-title-4 fusion-sep-none fusion-title-text fusion-title-size-two\" style=\"--awb-margin-bottom:0px;--awb-margin-top-small:10px;--awb-margin-right-small:0px;--awb-margin-bottom-small:10px;--awb-margin-left-small:0px;\"><h2 class=\"fusion-title-heading title-heading-left fusion-responsive-typography-calculated\" style=\"margin:0;--fontSize:37.96875;line-height:var(--awb-typography1-line-height);\">Rive-Sud : voitures anciennes et musique en plein air \u00e0 Boucherville<\/h2><\/div><div class=\"fusion-title title fusion-title-5 fusion-sep-none fusion-title-text fusion-title-size-three\" style=\"--awb-margin-bottom:0px;--awb-margin-top-small:10px;--awb-margin-right-small:0px;--awb-margin-bottom-small:10px;--awb-margin-left-small:0px;\"><h3 class=\"fusion-title-heading title-heading-left fusion-responsive-typography-calculated\" style=\"margin:0;--fontSize:29.53125;--minFontSize:29.53125;line-height:var(--awb-typography1-line-height);\">Exposition de voitures anciennes<\/h3><\/div><div class=\"fusion-text fusion-text-3\" style=\"--awb-font-size:var(--awb-custom_typography_2-font-size);--awb-line-height:var(--awb-custom_typography_2-line-height);--awb-letter-spacing:var(--awb-custom_typography_2-letter-spacing);--awb-text-transform:var(--awb-custom_typography_2-text-transform);--awb-text-font-family:var(--awb-custom_typography_2-font-family);--awb-text-font-weight:var(--awb-custom_typography_2-font-weight);--awb-text-font-style:var(--awb-custom_typography_2-font-style);\"><p>Le <b>samedi 5 septembre, de 10&nbsp;h \u00e0 16&nbsp;h 30<\/b>, le parc Vincent-d&rsquo;Indy \u00e0 Boucherville accueille une <a href=\"https:\/\/www.boucherville.ca\/calendrier-des-evenements\/exposition-de-voitures-anciennes\/\" target=\"_blank\" rel=\"noopener\"><b>exposition de voitures anciennes gratuite<\/b><\/a>, pr\u00e9sent\u00e9e avec Voitures anciennes et classiques de Montr\u00e9al. Au programme&nbsp;: des voitures d&rsquo;\u00e9poque, des prestations musicales des M\u00e9morables \u00e0 13 h et 14 h 45, des kiosques de restauration et de l&rsquo;animation familiale. Entr\u00e9e libre.<\/p>\n<\/div><div class=\"fusion-separator fusion-full-width-sep\" style=\"align-self: center;margin-left: auto;margin-right: auto;width:100%;\"><div class=\"fusion-separator-border sep-single sep-solid\" style=\"--awb-height:20px;--awb-amount:20px;border-color:var(--awb-color3);border-top-width:1px;\"><\/div><\/div><\/div><\/div><\/div><\/div><div class=\"fusion-fullwidth fullwidth-box fusion-builder-row-3 fusion-flex-container has-pattern-background has-mask-background nonhundred-percent-fullwidth non-hundred-percent-height-scrolling\" style=\"--awb-border-radius-top-left:0px;--awb-border-radius-top-right:0px;--awb-border-radius-bottom-right:0px;--awb-border-radius-bottom-left:0px;--awb-padding-right:0px;--awb-padding-left:0px;--awb-flex-wrap:wrap;\" ><div class=\"fusion-builder-row fusion-row fusion-flex-align-items-flex-start fusion-flex-content-wrap\" style=\"max-width:83.2vw;margin-left: calc(-4% \/ 2 );margin-right: calc(-4% \/ 2 );\"><div class=\"fusion-layout-column fusion_builder_column fusion-builder-column-2 fusion_builder_column_1_1 1_1 fusion-flex-column\" style=\"--awb-row-gap:32px;--awb-bg-size:cover;--awb-width-large:100%;--awb-margin-top-large:32px;--awb-spacing-right-large:1.92%;--awb-margin-bottom-large:0px;--awb-spacing-left-large:1.92%;--awb-width-medium:100%;--awb-order-medium:0;--awb-spacing-right-medium:1.92%;--awb-spacing-left-medium:1.92%;--awb-width-small:100%;--awb-order-small:0;--awb-spacing-right-small:1.92%;--awb-spacing-left-small:1.92%;\" data-scroll-devices=\"small-visibility,medium-visibility,large-visibility\"><div class=\"fusion-column-wrapper fusion-column-has-shadow fusion-flex-justify-content-flex-start fusion-content-layout-column\"><div class=\"fusion-title title fusion-title-6 fusion-sep-none fusion-title-text fusion-title-size-two\" style=\"--awb-margin-bottom:0px;--awb-margin-top-small:10px;--awb-margin-right-small:0px;--awb-margin-bottom-small:10px;--awb-margin-left-small:0px;\"><h2 class=\"fusion-title-heading title-heading-left fusion-responsive-typography-calculated\" style=\"margin:0;--fontSize:37.96875;line-height:var(--awb-typography1-line-height);\">Ouest-de-l&rsquo;\u00cele : pour se mettre au frais \u00e0 l&rsquo;int\u00e9rieur<\/h2><\/div><div class=\"fusion-text fusion-text-4 fusion-text-no-margin\" style=\"--awb-font-size:var(--awb-custom_typography_2-font-size);--awb-line-height:var(--awb-custom_typography_2-line-height);--awb-letter-spacing:var(--awb-custom_typography_2-letter-spacing);--awb-text-transform:var(--awb-custom_typography_2-text-transform);--awb-margin-bottom:0px;--awb-text-font-family:var(--awb-custom_typography_2-font-family);--awb-text-font-weight:var(--awb-custom_typography_2-font-weight);--awb-text-font-style:var(--awb-custom_typography_2-font-style);\"><p>Si la chaleur du midi s&rsquo;invite dans la fin de semaine, ou que votre gang a plus d&rsquo;\u00e9nergie que l&rsquo;ext\u00e9rieur ne peut en absorber, l&rsquo;Ouest-de-l&rsquo;\u00cele offre deux bonnes options int\u00e9rieures pour les enfants.<\/p>\n<\/div><div class=\"fusion-title title fusion-title-7 fusion-sep-none fusion-title-text fusion-title-size-three\" style=\"--awb-margin-bottom:0px;--awb-margin-top-small:10px;--awb-margin-right-small:0px;--awb-margin-bottom-small:10px;--awb-margin-left-small:0px;\"><h3 class=\"fusion-title-heading title-heading-left fusion-responsive-typography-calculated\" style=\"margin:0;--fontSize:29.53125;--minFontSize:29.53125;line-height:var(--awb-typography1-line-height);\">Funvie Amusement (Kirkland)<\/h3><\/div><div class=\"fusion-text fusion-text-5 fusion-text-no-margin\" style=\"--awb-font-size:var(--awb-custom_typography_2-font-size);--awb-line-height:var(--awb-custom_typography_2-line-height);--awb-letter-spacing:var(--awb-custom_typography_2-letter-spacing);--awb-text-transform:var(--awb-custom_typography_2-text-transform);--awb-margin-bottom:0px;--awb-text-font-family:var(--awb-custom_typography_2-font-family);--awb-text-font-weight:var(--awb-custom_typography_2-font-weight);--awb-text-font-style:var(--awb-custom_typography_2-font-style);\"><p>Situ\u00e9 au 3212, rue Jean-Yves, <a href=\"https:\/\/www.instagram.com\/funvie_playground\/\" target=\"_blank\" rel=\"noopener\"><b>Funvie Amusement<\/b><\/a> est une aire de jeux int\u00e9rieure de 20&nbsp;000 pieds carr\u00e9s pens\u00e9e pour les enfants de 0 \u00e0 12 ans, avec une structure de jeu \u00e0 plusieurs niveaux, un ch\u00e2teau gonflable, de gros blocs de construction et des jeux interactifs.<\/p>\n<\/div><div class=\"fusion-title title fusion-title-8 fusion-sep-none fusion-title-text fusion-title-size-three\" style=\"--awb-margin-bottom:0px;--awb-margin-top-small:10px;--awb-margin-right-small:0px;--awb-margin-bottom-small:10px;--awb-margin-left-small:0px;\"><h3 class=\"fusion-title-heading title-heading-left fusion-responsive-typography-calculated\" style=\"margin:0;--fontSize:29.53125;--minFontSize:29.53125;line-height:var(--awb-typography1-line-height);\">Willy&rsquo;s Amusement Center (Pointe-Claire)<\/h3><\/div><div class=\"fusion-text fusion-text-6 fusion-text-no-margin\" style=\"--awb-font-size:var(--awb-custom_typography_2-font-size);--awb-line-height:var(--awb-custom_typography_2-line-height);--awb-letter-spacing:var(--awb-custom_typography_2-letter-spacing);--awb-text-transform:var(--awb-custom_typography_2-text-transform);--awb-margin-bottom:0px;--awb-text-font-family:var(--awb-custom_typography_2-font-family);--awb-text-font-weight:var(--awb-custom_typography_2-font-weight);--awb-text-font-style:var(--awb-custom_typography_2-font-style);\"><p>Juste en face du centre commercial Fairview, au 950, boulevard Saint-Jean, <a href=\"https:\/\/willysamusement.com\/\" target=\"_blank\" rel=\"noopener\"><b>Willy&rsquo;s Amusement Center<\/b><\/a> propose un acc\u00e8s g\u00e9n\u00e9ral \u00e0 des jeux d&rsquo;arcade, des structures d&rsquo;escalade et des zones de jeu interactives con\u00e7ues sp\u00e9cialement pour les tout-petits. (Site en anglais seulement.)<\/p>\n<\/div><\/div><\/div><\/div><\/div><div class=\"fusion-fullwidth fullwidth-box fusion-builder-row-4 fusion-flex-container has-pattern-background has-mask-background nonhundred-percent-fullwidth non-hundred-percent-height-scrolling\" style=\"--awb-border-radius-top-left:0px;--awb-border-radius-top-right:0px;--awb-border-radius-bottom-right:0px;--awb-border-radius-bottom-left:0px;--awb-padding-right:0px;--awb-padding-left:0px;--awb-flex-wrap:wrap;\" ><div class=\"fusion-builder-row fusion-row fusion-flex-align-items-flex-start fusion-flex-content-wrap\" style=\"max-width:83.2vw;margin-left: calc(-4% \/ 2 );margin-right: calc(-4% \/ 2 );\"><div class=\"fusion-layout-column fusion_builder_column fusion-builder-column-3 fusion_builder_column_1_1 1_1 fusion-flex-column\" style=\"--awb-row-gap:24px;--awb-bg-size:cover;--awb-width-large:100%;--awb-margin-top-large:40px;--awb-spacing-right-large:1.92%;--awb-margin-bottom-large:0px;--awb-spacing-left-large:1.92%;--awb-width-medium:100%;--awb-order-medium:0;--awb-spacing-right-medium:1.92%;--awb-spacing-left-medium:1.92%;--awb-width-small:100%;--awb-order-small:0;--awb-spacing-right-small:1.92%;--awb-spacing-left-small:1.92%;\" data-scroll-devices=\"small-visibility,medium-visibility,large-visibility\"><div class=\"fusion-column-wrapper fusion-column-has-shadow fusion-flex-justify-content-flex-start fusion-content-layout-column\"><div class=\"fusion-separator fusion-full-width-sep\" style=\"align-self: center;margin-left: auto;margin-right: auto;width:100%;\"><div class=\"fusion-separator-border sep-single sep-solid\" style=\"--awb-height:20px;--awb-amount:20px;border-color:var(--awb-color3);border-top-width:1px;\"><\/div><\/div><\/div><\/div><div class=\"fusion-layout-column fusion_builder_column fusion-builder-column-4 fusion_builder_column_1_1 1_1 fusion-flex-column\" style=\"--awb-row-gap:24px;--awb-bg-size:cover;--awb-width-large:100%;--awb-margin-top-large:40px;--awb-spacing-right-large:1.92%;--awb-margin-bottom-large:0px;--awb-spacing-left-large:1.92%;--awb-width-medium:100%;--awb-order-medium:0;--awb-spacing-right-medium:1.92%;--awb-spacing-left-medium:1.92%;--awb-width-small:100%;--awb-order-small:0;--awb-spacing-right-small:1.92%;--awb-spacing-left-small:1.92%;\" data-scroll-devices=\"small-visibility,medium-visibility,large-visibility\"><div class=\"fusion-column-wrapper fusion-column-has-shadow fusion-flex-justify-content-flex-start fusion-content-layout-column\"><div class=\"fusion-title title fusion-title-9 fusion-sep-none fusion-title-text fusion-title-size-two\" style=\"--awb-margin-bottom:24px;--awb-margin-top-small:10px;--awb-margin-right-small:0px;--awb-margin-bottom-small:10px;--awb-margin-left-small:0px;\"><h2 class=\"fusion-title-heading title-heading-left fusion-responsive-typography-calculated\" style=\"margin:0;--fontSize:37.96875;line-height:var(--awb-typography1-line-height);\">En r\u00e9sum\u00e9<\/h2><\/div><div class=\"fusion-text fusion-text-7 fusion-text-no-margin\" style=\"--awb-margin-bottom:0px;\"><p>Peu importe comment vous passerez la longue fin de semaine, on vous souhaite du bon temps. Chez Inspection de maison Mose (MHIS), on passe l&rsquo;ann\u00e9e \u00e0 aider les familles du Grand Montr\u00e9al \u00e0 se sentir en confiance dans les maisons qu&rsquo;elles ach\u00e8tent, vendent ou entretiennent, ce qui fait qu&rsquo;une fin de semaine consacr\u00e9e au repos et au temps en famille prend un sens particulier pour nous. Profitez-en. Vous l&rsquo;avez m\u00e9rit\u00e9.<\/p>\n<p>Et quand vous serez pr\u00eats \u00e0 parler de votre prochain projet, que ce soit acheter, vendre ou simplement entretenir votre propri\u00e9t\u00e9, on sera l\u00e0. Bonne F\u00eate du travail de la part de toute l&rsquo;\u00e9quipe de MHIS !<\/p>\n<\/div><\/div><\/div><\/div><\/div><\/p>\n","protected":false},"excerpt":{"rendered":"<p>Encore une ann\u00e9e de r\u00e9veils matinaux, de trajets interminables et d&rsquo;agendas charg\u00e9s qui tire \u00e0 sa fin. Avant que la routine de septembre reprenne le dessus, la fin de semaine de la F\u00eate du travail est une belle occasion de ralentir avec les gens qu&rsquo;on aime et de profiter de la ville o\u00f9 l&rsquo;on vit. Que vous soyez de Laval, de la Rive-Sud ou de l&rsquo;Ouest-de-l&rsquo;\u00cele, il y a toujours quelque chose \u00e0 faire tout pr\u00e8s de chez vous. On a pr\u00e9par\u00e9 un guide rapide, r\u00e9gion par r\u00e9gion, pour que vous passiez moins de temps \u00e0 chercher des id\u00e9es et plus de temps \u00e0 en profiter. Voici ce qui se passe dans le Grand Montr\u00e9al pour la fin de semaine de la F\u00eate du travail 2026.<\/p>\n","protected":false},"author":2,"featured_media":6664,"comment_status":"closed","ping_status":"closed","sticky":false,"template":"","format":"standard","meta":{"_acf_changed":false,"footnotes":""},"categories":[140,134,125],"tags":[167,168,169,170,171,172,173,174,175,176,177,178,179,166],"class_list":["post-6668","post","type-post","status-publish","format-standard","has-post-thumbnail","hentry","category-acheter-vendre-intelligemment","category-inspection-immobiliere-101","category-seo-fr","tag-aibq-certified-inspector","tag-first-time-buyers","tag-home-buying-tips","tag-home-inspection-process","tag-home-inspection-report","tag-home-inspector-montreal","tag-independent-home-inspector","tag-internachi","tag-laval-home-inspector","tag-montreal-real-estate","tag-pre-purchase-inspection","tag-realtor-tips","tag-sewer-scope-inspection","tag-vaudreuil-dorion"],"acf":[],"_links":{"self":[{"href":"https:\/\/mosehomeinspection.com\/fr\/wp-json\/wp\/v2\/posts\/6668","targetHints":{"allow":["GET"]}}],"collection":[{"href":"https:\/\/mosehomeinspection.com\/fr\/wp-json\/wp\/v2\/posts"}],"about":[{"href":"https:\/\/mosehomeinspection.com\/fr\/wp-json\/wp\/v2\/types\/post"}],"author":[{"embeddable":true,"href":"https:\/\/mosehomeinspection.com\/fr\/wp-json\/wp\/v2\/users\/2"}],"replies":[{"embeddable":true,"href":"https:\/\/mosehomeinspection.com\/fr\/wp-json\/wp\/v2\/comments?post=6668"}],"version-history":[{"count":2,"href":"https:\/\/mosehomeinspection.com\/fr\/wp-json\/wp\/v2\/posts\/6668\/revisions"}],"predecessor-version":[{"id":6670,"href":"https:\/\/mosehomeinspection.com\/fr\/wp-json\/wp\/v2\/posts\/6668\/revisions\/6670"}],"wp:featuredmedia":[{"embeddable":true,"href":"https:\/\/mosehomeinspection.com\/fr\/wp-json\/wp\/v2\/media\/6664"}],"wp:attachment":[{"href":"https:\/\/mosehomeinspection.com\/fr\/wp-json\/wp\/v2\/media?parent=6668"}],"wp:term":[{"taxonomy":"category","embeddable":true,"href":"https:\/\/mosehomeinspection.com\/fr\/wp-json\/wp\/v2\/categories?post=6668"},{"taxonomy":"post_tag","embeddable":true,"href":"https:\/\/mosehomeinspection.com\/fr\/wp-json\/wp\/v2\/tags?post=6668"}],"curies":[{"name":"wp","href":"https:\/\/api.w.org\/{rel}","templated":true}]}}